{"id":1420,"date":"2021-08-03T16:40:56","date_gmt":"2021-08-03T14:40:56","guid":{"rendered":"https:\/\/www.spadreams.pl\/blog\/?p=1420"},"modified":"2021-08-31T10:19:49","modified_gmt":"2021-08-31T08:19:49","slug":"klinika-malteser-weckbecker-wywiad-z-dr-matejka","status":"publish","type":"post","link":"https:\/\/www.spadreams.pl\/blog\/klinika-malteser-weckbecker-wywiad-z-dr-matejka\/","title":{"rendered":"Klinika Malteser  Weckbecker &#8211; Wywiad z dr. Matejk\u0105"},"content":{"rendered":"\n<div style=\"height:100px\" aria-hidden=\"true\" class=\"wp-block-spacer\"><\/div>\n\n\n\n<div class=\"wp-block-media-text alignwide has-media-on-the-right is-stacked-on-mobile\"><figure class=\"wp-block-media-text__media\"><img decoding=\"async\" loading=\"lazy\" width=\"1360\" height=\"2048\" src=\"https:\/\/www.spadreams.pl\/blog\/wp-content\/uploads\/sites\/4\/2021\/08\/Blog2_Photo1_Portrait-scaled.jpg\" alt=\"\" class=\"wp-image-1424 size-full\" srcset=\"https:\/\/www.spadreams.pl\/blog\/wp-content\/uploads\/sites\/4\/2021\/08\/Blog2_Photo1_Portrait-scaled.jpg 1360w, https:\/\/www.spadreams.pl\/blog\/wp-content\/uploads\/sites\/4\/2021\/08\/Blog2_Photo1_Portrait-199x300.jpg 199w, https:\/\/www.spadreams.pl\/blog\/wp-content\/uploads\/sites\/4\/2021\/08\/Blog2_Photo1_Portrait-680x1024.jpg 680w, https:\/\/www.spadreams.pl\/blog\/wp-content\/uploads\/sites\/4\/2021\/08\/Blog2_Photo1_Portrait-768x1156.jpg 768w, https:\/\/www.spadreams.pl\/blog\/wp-content\/uploads\/sites\/4\/2021\/08\/Blog2_Photo1_Portrait-1020x1536.jpg 1020w, https:\/\/www.spadreams.pl\/blog\/wp-content\/uploads\/sites\/4\/2021\/08\/Blog2_Photo1_Portrait-1275x1920.jpg 1275w, https:\/\/www.spadreams.pl\/blog\/wp-content\/uploads\/sites\/4\/2021\/08\/Blog2_Photo1_Portrait-600x903.jpg 600w, https:\/\/www.spadreams.pl\/blog\/wp-content\/uploads\/sites\/4\/2021\/08\/Blog2_Photo1_Portrait-800x1204.jpg 800w\" sizes=\"(max-width: 1360px) 100vw, 1360px\" \/><\/figure><div class=\"wp-block-media-text__content\">\n<p class=\"has-medium-font-size\">Dr Matejka jest g\u0142\u00f3wnym lekarzem Malteser Klinik von Weckbecker w Bad Br\u00fcckenau i sam regularnie po\u015bci. W\u0142a\u015bnie ukaza\u0142a si\u0119 jego nowa ksi\u0105\u017cka &#8220;Post leczy&#8221;. W tym wywiadzie mo\u017cecie pozna\u0107 jego opinie!<\/p>\n<\/div><\/div>\n\n\n\n<div style=\"height:30px\" aria-hidden=\"true\" class=\"wp-block-spacer\"><\/div>\n\n\n\n<p><\/p>\n\n\n\n<h2 class=\"wp-block-heading\">Drogi doktorze Matejka, bardzo dzi\u0119kuj\u0119 za po\u015bwi\u0119cenie czasu na udzielenie odpowiedzi na nasze dzisiejsze pytania! Jest Pan lekarzem prowadz\u0105cym w Malteser Klinik von Weckbecker, kt\u00f3ra jest jedn\u0105 z wiod\u0105cych klinik naturalnych metod leczenia. Pan sam by\u0142 kiedy\u015b studentem dr Ericha Weckbeckera. Co zrobi\u0142o na Panu najwi\u0119ksze wra\u017cenie w jego tw\u00f3rczo\u015bci?<\/h2>\n\n\n\n<p>Je\u015bli prawdziwe jest zdanie: &#8220;Trzeba si\u0119 spali\u0107, \u017ceby podpali\u0107 innych&#8221;, to dotyczy to r\u00f3wnie\u017c dr von Weckbeckera. Nie zra\u017cony wrogo\u015bci\u0105 koleg\u00f3w, konsekwentnie i z sukcesem realizowa\u0142 przez wiele dziesi\u0119cioleci swoj\u0105 koncepcj\u0119 \u0142\u0105czonego postu leczniczego z towarzysz\u0105cymi zabiegami biologicznymi, takimi jak fizjoterapia, a przede wszystkim metody Kneippa.<\/p>\n\n\n\n<figure class=\"wp-block-image size-large\"><img decoding=\"async\" loading=\"lazy\" width=\"942\" height=\"628\" src=\"https:\/\/www.spadreams.pl\/blog\/wp-content\/uploads\/sites\/4\/2021\/08\/Blog2_Photo2_Copyright.jpg\" alt=\"\" class=\"wp-image-1429\" srcset=\"https:\/\/www.spadreams.pl\/blog\/wp-content\/uploads\/sites\/4\/2021\/08\/Blog2_Photo2_Copyright.jpg 942w, https:\/\/www.spadreams.pl\/blog\/wp-content\/uploads\/sites\/4\/2021\/08\/Blog2_Photo2_Copyright-300x200.jpg 300w, https:\/\/www.spadreams.pl\/blog\/wp-content\/uploads\/sites\/4\/2021\/08\/Blog2_Photo2_Copyright-768x512.jpg 768w, https:\/\/www.spadreams.pl\/blog\/wp-content\/uploads\/sites\/4\/2021\/08\/Blog2_Photo2_Copyright-600x400.jpg 600w, https:\/\/www.spadreams.pl\/blog\/wp-content\/uploads\/sites\/4\/2021\/08\/Blog2_Photo2_Copyright-800x533.jpg 800w, https:\/\/www.spadreams.pl\/blog\/wp-content\/uploads\/sites\/4\/2021\/08\/Blog2_Photo2_Copyright-227x152.jpg 227w, https:\/\/www.spadreams.pl\/blog\/wp-content\/uploads\/sites\/4\/2021\/08\/Blog2_Photo2_Copyright-143x96.jpg 143w, https:\/\/www.spadreams.pl\/blog\/wp-content\/uploads\/sites\/4\/2021\/08\/Blog2_Photo2_Copyright-585x390.jpg 585w, https:\/\/www.spadreams.pl\/blog\/wp-content\/uploads\/sites\/4\/2021\/08\/Blog2_Photo2_Copyright-385x257.jpg 385w\" sizes=\"(max-width: 942px) 100vw, 942px\" \/><figcaption><strong>\u00a9Malteser Klinik von Weckbecker<\/strong><\/figcaption><\/figure>\n\n\n\n<p class=\"has-text-align-center\">Tutaj praktykuje dr Rainer Matejka, lekarz prowadz\u0105cy Malteser Klinik von Weckbecker.<\/p>\n\n\n\n<h2 class=\"wp-block-heading\">Pana nowa ksi\u0105\u017cka &#8220;Post leczy&#8221; jest o uzdrawiaj\u0105cym dzia\u0142aniu postu. Do jakiego stopnia post mo\u017ce rzeczywi\u015bcie doprowadzi\u0107 do wyleczenia, a nie tylko z\u0142agodzenia objaw\u00f3w? Czy pan sam regularnie po\u015bci?<\/h2>\n\n\n\n<p>Szczeg\u00f3lnie w przypadku chor\u00f3b zwi\u0105zanych ze stylem \u017cycia, w kt\u00f3rych kwestie \u017cywieniowe zawsze odgrywaj\u0105 wa\u017cn\u0105 rol\u0119, post leczniczy mo\u017ce rzeczywi\u015bcie mie\u0107 przyczynowy efekt leczniczy. Powinni\u015bmy my\u015ble\u0107 o tym, co nazywamy &#8220;zespo\u0142em metabolicznym&#8221;. Obejmuje to oty\u0142o\u015b\u0107, cukrzyc\u0119 typu 2, wysokie ci\u015bnienie krwi i inne czynniki ryzyka dla serca. Osoby, kt\u00f3re &#8220;czuj\u0105 stawy&#8221;, co jest oznak\u0105 rozpoczynaj\u0105cej si\u0119 artrozy, r\u00f3wnie\u017c odnosz\u0105 korzy\u015bci przyczynowo skutkowe. Dobre wyniki osi\u0105gamy r\u00f3wnie\u017c w przypadku migreny.<\/p>\n\n\n\n<p>W przypadku innych chor\u00f3b og\u00f3lnoustrojowych, np. przewlek\u0142ych zapalnych chor\u00f3b reumatycznych, ale tak\u017ce cz\u0119\u015bciowo chor\u00f3b neurologicznych, takich jak stwardnienie rozsiane czy choroba Parkinsona, mo\u017cemy osi\u0105gn\u0105\u0107 ulg\u0119. Oznacza to, \u017ce choroba nie znikn\u0119\u0142a, ale pacjenci czuj\u0105 si\u0119 lepiej. Pacjent z chorob\u0105 Parkinsona, na przyk\u0142ad, zg\u0142asza, \u017ce zesztywnienie, kt\u00f3re jest szczeg\u00f3lnym obci\u0105\u017ceniem dla wielu pacjent\u00f3w z chorob\u0105 Parkinsona, uleg\u0142o poprawie. Post ma r\u00f3wnie\u017c dobry i trwa\u0142y wp\u0142yw na stany wyczerpania i pragnienie &#8220;resetu&#8221;, kt\u00f3re jest coraz cz\u0119\u015bciej wyra\u017cane w dzisiejszych czasach. Ja sam od d\u0142u\u017cszego czasu regularnie stosuj\u0119 post interwa\u0142owy &#8211; oko\u0142o 3 razy w tygodniu.<\/p>\n\n\n\n<figure class=\"wp-block-image size-large\"><img decoding=\"async\" loading=\"lazy\" width=\"1024\" height=\"731\" src=\"https:\/\/www.spadreams.pl\/blog\/wp-content\/uploads\/sites\/4\/2021\/08\/Blog2_Photo3-1024x731.jpg\" alt=\"\" class=\"wp-image-1430\" srcset=\"https:\/\/www.spadreams.pl\/blog\/wp-content\/uploads\/sites\/4\/2021\/08\/Blog2_Photo3-1024x731.jpg 1024w, https:\/\/www.spadreams.pl\/blog\/wp-content\/uploads\/sites\/4\/2021\/08\/Blog2_Photo3-300x214.jpg 300w, https:\/\/www.spadreams.pl\/blog\/wp-content\/uploads\/sites\/4\/2021\/08\/Blog2_Photo3-768x548.jpg 768w, https:\/\/www.spadreams.pl\/blog\/wp-content\/uploads\/sites\/4\/2021\/08\/Blog2_Photo3-1536x1097.jpg 1536w, https:\/\/www.spadreams.pl\/blog\/wp-content\/uploads\/sites\/4\/2021\/08\/Blog2_Photo3-1920x1371.jpg 1920w, https:\/\/www.spadreams.pl\/blog\/wp-content\/uploads\/sites\/4\/2021\/08\/Blog2_Photo3-600x428.jpg 600w, https:\/\/www.spadreams.pl\/blog\/wp-content\/uploads\/sites\/4\/2021\/08\/Blog2_Photo3-800x571.jpg 800w, https:\/\/www.spadreams.pl\/blog\/wp-content\/uploads\/sites\/4\/2021\/08\/Blog2_Photo3.jpg 2000w\" sizes=\"(max-width: 1024px) 100vw, 1024px\" \/><\/figure>\n\n\n\n<h2 class=\"wp-block-heading\">Post ma pomaga\u0107 w chorobach autoimmunologicznych, sk\u00f3rnych i neurologicznych. W jakich dziedzinach post daje szczeg\u00f3lnie du\u017ce szanse na sukces? Gdzie natomiast s\u0105 granice postu?<\/h2>\n\n\n\n<p>Granice postu s\u0105 oczywi\u015bcie tam, gdzie istniej\u0105 ewentualne przeciwwskazania. Dotyczy to na przyk\u0142ad wielu chor\u00f3b psychiatrycznych, zw\u0142aszcza schizofrenii, l\u0119kowych napad\u00f3w paniki, stan\u00f3w obsesyjno-kompulsywnych i uroje\u0144. Przeciwwskazaniem jest r\u00f3wnie\u017c jawna choroba nowotworowa. Z pewno\u015bci\u0105 niska masa cia\u0142a sama w sobie jest r\u00f3wnie\u017c przeciwwskazaniem, podobnie jak podesz\u0142y wiek.<\/p>\n\n\n\n<p>Nie pozwalamy pacjentom bez wcze\u015bniejszego do\u015bwiadczenia po\u015bci\u0107 najp\u00f3\u017aniej od 75 roku \u017cycia. Ale nawet w przypadku do\u015bwiadczonych pacjent\u00f3w, granic\u0119 wyznaczamy najp\u00f3\u017aniej w wieku 85 lat, co nie zawsze jest dobrze przyjmowane przez zainteresowanych pacjent\u00f3w\u2026<\/p>\n\n\n\n<h2 class=\"wp-block-heading\">Prosz\u0119 nam wyja\u015bni\u0107, jakie procesy s\u0105 uruchamiane w ciele podczas postu. Dlaczego okazjonalne powstrzymywanie si\u0119 od jedzenia jest takie zdrowe?<\/h2>\n\n\n\n<p>Przez dziesi\u0119ciolecia post t\u0142umaczono efektami detoksykacyjnymi i oczyszczaj\u0105cymi. Te potoczne okre\u015blenia nie s\u0105 akceptowane przez wsp\u00f3\u0142czesn\u0105 medycyn\u0119 naukow\u0105. Dzi\u0119ki podstawowym badaniom w ostatnich latach wiemy wi\u0119cej.<\/p>\n\n\n\n<p>Ka\u017cda ludzka kom\u00f3rka przechodzi genetycznie kontrolowany proces samooczyszczania: jest zdolna do zu\u017cywania i wydalania substrat\u00f3w, kt\u00f3re nie s\u0105 ju\u017c potrzebne, np. sk\u0142adnik\u00f3w bia\u0142kowych, lub recyklingu tego, co jest jeszcze przydatne. Innymi s\u0142owy, jest to rodzaj samo naprawy. Z wiekiem ta zdolno\u015b\u0107 do samo naprawy maleje, a choroby staj\u0105 si\u0119 coraz cz\u0119stsze. Post jest sposobem na ponowne pobudzenie tej zdolno\u015bci do samo naprawy.<\/p>\n\n\n\n<figure class=\"wp-block-image size-large\"><img decoding=\"async\" loading=\"lazy\" width=\"1024\" height=\"682\" src=\"https:\/\/www.spadreams.pl\/blog\/wp-content\/uploads\/sites\/4\/2021\/08\/Blog2_Photo4-1024x682.jpg\" alt=\"\" class=\"wp-image-1431\" srcset=\"https:\/\/www.spadreams.pl\/blog\/wp-content\/uploads\/sites\/4\/2021\/08\/Blog2_Photo4-1024x682.jpg 1024w, https:\/\/www.spadreams.pl\/blog\/wp-content\/uploads\/sites\/4\/2021\/08\/Blog2_Photo4-300x200.jpg 300w, https:\/\/www.spadreams.pl\/blog\/wp-content\/uploads\/sites\/4\/2021\/08\/Blog2_Photo4-768x512.jpg 768w, https:\/\/www.spadreams.pl\/blog\/wp-content\/uploads\/sites\/4\/2021\/08\/Blog2_Photo4-1536x1024.jpg 1536w, https:\/\/www.spadreams.pl\/blog\/wp-content\/uploads\/sites\/4\/2021\/08\/Blog2_Photo4-1920x1280.jpg 1920w, https:\/\/www.spadreams.pl\/blog\/wp-content\/uploads\/sites\/4\/2021\/08\/Blog2_Photo4-600x400.jpg 600w, https:\/\/www.spadreams.pl\/blog\/wp-content\/uploads\/sites\/4\/2021\/08\/Blog2_Photo4-800x533.jpg 800w, https:\/\/www.spadreams.pl\/blog\/wp-content\/uploads\/sites\/4\/2021\/08\/Blog2_Photo4-227x152.jpg 227w, https:\/\/www.spadreams.pl\/blog\/wp-content\/uploads\/sites\/4\/2021\/08\/Blog2_Photo4-143x96.jpg 143w, https:\/\/www.spadreams.pl\/blog\/wp-content\/uploads\/sites\/4\/2021\/08\/Blog2_Photo4-585x390.jpg 585w, https:\/\/www.spadreams.pl\/blog\/wp-content\/uploads\/sites\/4\/2021\/08\/Blog2_Photo4-385x257.jpg 385w, https:\/\/www.spadreams.pl\/blog\/wp-content\/uploads\/sites\/4\/2021\/08\/Blog2_Photo4.jpg 2000w\" sizes=\"(max-width: 1024px) 100vw, 1024px\" \/><\/figure>\n\n\n\n<p>Wed\u0142ug najnowszych bada\u0144, nawet kr\u00f3tsze okresy postu, czasami tylko 1 dzie\u0144 lub 2 dni, a nawet coraz bardziej modny post interwa\u0142owy, w kt\u00f3rym \u015bniadanie lub kolacja s\u0105 zwykle pomijane, wykazuj\u0105 odpowiedni\u0105 zmian\u0119 w metabolizmie. M\u00f3wimy o prze\u0142\u0105czniku metabolicznym: organizm w coraz wi\u0119kszym stopniu pozyskuje energi\u0119 ze spalania kwas\u00f3w t\u0142uszczowych, a nie tylko z w\u0119glowodan\u00f3w. Ten &#8220;prze\u0142\u0105cznik&#8221; aktywuje wa\u017cne procesy metaboliczne i immunologiczne.<\/p>\n\n\n\n<h2 class=\"wp-block-heading\">Jak d\u0142ugo trzeba po\u015bci\u0107, aby osi\u0105gn\u0105\u0107 pocz\u0105tkowy sukces? A jak d\u0142ugo mo\u017cna korzysta\u0107 z kuracji postnej? Czy warto w\u0142\u0105czy\u0107 do codziennego \u017cycia mniejsze interwa\u0142y postu, aby odczu\u0107 trwa\u0142\u0105 popraw\u0119 zdrowia?<\/h2>\n\n\n\n<p>W przesz\u0142o\u015bci w domu poszczono przez 21 dni i przez tydzie\u0144 gromadzono zapasy \u017cywno\u015bci. Obecnie, ze wzgl\u0119du na ograniczenia czasowe, dzieje si\u0119 tak tylko w wyj\u0105tkowych przypadkach. Wi\u0119kszo\u015b\u0107 pacjent\u00f3w przebywa w domu tylko przez oko\u0142o 10 dni. Z ostatnich bada\u0144 wiemy jednak, \u017ce nawet tygodniowy post mo\u017ce by\u0107 skuteczny. Oczywi\u015bcie, zale\u017cy to od obrazu klinicznego. Przewlek\u0142y obraz kliniczny zapalenia wymaga z pewno\u015bci\u0105 pocz\u0105tkowo d\u0142u\u017cszego, co najmniej 14-dniowego postu, aby stworzy\u0107 podstawy do dalszych sukces\u00f3w. Po tym czasie warto doda\u0107 kolejny tydzie\u0144 postu przynajmniej raz lub dwa razy w roku. M\u00f3wimy o po\u015bcie etapowym, kt\u00f3ry jest skuteczniejszy ni\u017c robienie d\u0142u\u017cszej kuracji postnej co kilka lat.<\/p>\n\n\n\n<figure class=\"wp-block-image size-large\"><img decoding=\"async\" loading=\"lazy\" width=\"1024\" height=\"682\" src=\"https:\/\/www.spadreams.pl\/blog\/wp-content\/uploads\/sites\/4\/2021\/08\/Blog2_Photo5-1024x682.jpg\" alt=\"\" class=\"wp-image-1433\" srcset=\"https:\/\/www.spadreams.pl\/blog\/wp-content\/uploads\/sites\/4\/2021\/08\/Blog2_Photo5-1024x682.jpg 1024w, https:\/\/www.spadreams.pl\/blog\/wp-content\/uploads\/sites\/4\/2021\/08\/Blog2_Photo5-300x200.jpg 300w, https:\/\/www.spadreams.pl\/blog\/wp-content\/uploads\/sites\/4\/2021\/08\/Blog2_Photo5-768x512.jpg 768w, https:\/\/www.spadreams.pl\/blog\/wp-content\/uploads\/sites\/4\/2021\/08\/Blog2_Photo5-1536x1024.jpg 1536w, https:\/\/www.spadreams.pl\/blog\/wp-content\/uploads\/sites\/4\/2021\/08\/Blog2_Photo5-1920x1280.jpg 1920w, https:\/\/www.spadreams.pl\/blog\/wp-content\/uploads\/sites\/4\/2021\/08\/Blog2_Photo5-600x400.jpg 600w, https:\/\/www.spadreams.pl\/blog\/wp-content\/uploads\/sites\/4\/2021\/08\/Blog2_Photo5-800x533.jpg 800w, https:\/\/www.spadreams.pl\/blog\/wp-content\/uploads\/sites\/4\/2021\/08\/Blog2_Photo5-227x152.jpg 227w, https:\/\/www.spadreams.pl\/blog\/wp-content\/uploads\/sites\/4\/2021\/08\/Blog2_Photo5-143x96.jpg 143w, https:\/\/www.spadreams.pl\/blog\/wp-content\/uploads\/sites\/4\/2021\/08\/Blog2_Photo5-585x390.jpg 585w, https:\/\/www.spadreams.pl\/blog\/wp-content\/uploads\/sites\/4\/2021\/08\/Blog2_Photo5-385x257.jpg 385w, https:\/\/www.spadreams.pl\/blog\/wp-content\/uploads\/sites\/4\/2021\/08\/Blog2_Photo5.jpg 2000w\" sizes=\"(max-width: 1024px) 100vw, 1024px\" \/><\/figure>\n\n\n\n<p>Aby ustabilizowa\u0107 sukces lub w celach profilaktycznych, warto stosowa\u0107 kr\u00f3tsze okresy postu, np. jeden dzie\u0144 postu sokowego\/tydzie\u0144 lub zasad\u0119 5\/2, czyli dwa dni przerwy\/tydzie\u0144, w kt\u00f3rych spo\u017cywa si\u0119 np. tylko warzywa i\/lub ziemniaki.<\/p>\n\n\n\n<h2 class=\"wp-block-heading\">Jakie nowe spostrze\u017cenia odkry\u0142 Pan podczas intensywnego badania tematu postu i uzdrowienia podczas pisania swojej ksi\u0105\u017cki? Zapraszamy do podzielenia si\u0119 z naszymi czytelnikami swoimi wra\u017ceniami.<\/h2>\n\n\n\n<p>Wspomnia\u0142em o prze\u0142\u0105czniku metabolicznym, zmianie w metabolizmie z wykorzystania w\u0119glowodan\u00f3w na wykorzystanie cia\u0142 ketonowych. W przesz\u0142o\u015bci uwa\u017cano, \u017ce s\u0105 to substancje gorsze, je\u015bli nie niebezpieczne, ale w ostatnich latach zaobserwowano szereg pozytywnych efekt\u00f3w. Istniej\u0105 nawet badania, kt\u00f3re uwa\u017caj\u0105 tak\u0105 \u0142agodn\u0105 ketoz\u0119 za szczeg\u00f3lnie korzystn\u0105 dla m\u00f3zgu, z kt\u00f3rej korzystaj\u0105 nawet osoby z demencj\u0105. Najwyra\u017aniej organizm posiada swego rodzaju hybrydowy system wykorzystania energii.<\/p>\n\n\n\n<h2 class=\"wp-block-heading\">Malteser Klinik \u0142\u0105czy naturalne metody leczenia z medycyn\u0105 konwencjonaln\u0105. Dlaczego ta kombinacja jest tak obiecuj\u0105ca? A jaka jest prawda w stwierdzeniu, \u017ce medycyna konwencjonalna cz\u0119sto zwalcza tylko objawy cierpienia, ale nie jego \u017ar\u00f3d\u0142o?<\/h2>\n\n\n\n<p>Po\u0142\u0105czenie leczenia naturopatycznego z medycyn\u0105 ortodoksyjn\u0105 ma sens i jest potrzebne przede wszystkim dlatego, \u017ce mo\u017cemy po\u0142\u0105czy\u0107 mo\u017cliwo\u015bci diagnostyki medycyny ortodoksyjnej i jej ostrych opcji leczenia z cz\u0119sto przyczynowymi strategiami naturopatii. Zmiana stylu \u017cycia jest tu najwa\u017cniejsza. WHO postrzega zmian\u0119 stylu \u017cycia jako warunek konieczny, aby systemy opieki zdrowotnej mog\u0142y w przysz\u0142o\u015bci utrzyma\u0107 si\u0119 w dobrej kondycji finansowej.<\/p>\n\n\n\n<h2 class=\"wp-block-heading\">Z jakimi dolegliwo\u015bciami go\u015bcie przychodz\u0105 do Pa\u0144stwa kliniki szczeg\u00f3lnie cz\u0119sto? Jak d\u0142ugo trwaj\u0105 i jakie programy postne s\u0105 najbardziej popularne?<\/h2>\n\n\n\n<p>Tymczasem bardzo wiele os\u00f3b przychodzi z ch\u0119ci\u0105 zresetowania si\u0119. Powodem tego jest szeroki zakres stresor\u00f3w, na kt\u00f3re nara\u017ceni s\u0105 wsp\u00f3\u0142cze\u015bni ludzie. Bardzo cz\u0119sto pacjenci przychodz\u0105 do nas z r\u00f3\u017cnego rodzaju problemami ortopedycznymi, gdzie widzimy, \u017ce wiele z tego, co przypisuje si\u0119 &#8220;zu\u017cyciu&#8221; w obszarze kr\u0119gos\u0142upa lub staw\u00f3w, jest w rzeczywisto\u015bci spowodowane napi\u0119ciem mi\u0119\u015bniowym. Otwiera to zupe\u0142nie nowe mo\u017cliwo\u015bci np. w terapii b\u00f3lu, a fizjoterapia odgrywa w naszej klinice wa\u017cn\u0105 rol\u0119.<\/p>\n\n\n\n<h2 class=\"wp-block-heading\">W ofercie Kliniki Malteser znajduj\u0105 si\u0119 zar\u00f3wno klasyczne posty terapeutyczne, jak i posty interwa\u0142owe oraz postne w\u0119dr\u00f3wki. Kt\u00f3r\u0105 kuracj\u0119 polecasz absolutnym nowicjuszom w poszczeniu?<\/h2>\n\n\n\n<p>W zasadzie wszystkie powy\u017csze metody s\u0105 odpowiednie tak\u017ce dla pocz\u0105tkuj\u0105cych poszcz\u0105cych. Jednak\u017ce, szczeg\u00f3lnie w przypadku w\u0119dr\u00f3wek postnych, nale\u017cy oczywi\u015bcie zapewni\u0107 wystarczaj\u0105c\u0105 sprawno\u015b\u0107 fizyczn\u0105 i sprawno\u015b\u0107 chodzenia oraz, na przyk\u0142ad, brak ostrych chor\u00f3b uk\u0142adu kr\u0105\u017cenia z zaburzeniami rytmu serca.<\/p>\n\n\n\n<figure class=\"wp-block-image size-large\"><img decoding=\"async\" loading=\"lazy\" width=\"1024\" height=\"682\" src=\"https:\/\/www.spadreams.pl\/blog\/wp-content\/uploads\/sites\/4\/2021\/08\/Blog2_Photo6-1024x682.jpg\" alt=\"\" class=\"wp-image-1436\" srcset=\"https:\/\/www.spadreams.pl\/blog\/wp-content\/uploads\/sites\/4\/2021\/08\/Blog2_Photo6-1024x682.jpg 1024w, https:\/\/www.spadreams.pl\/blog\/wp-content\/uploads\/sites\/4\/2021\/08\/Blog2_Photo6-300x200.jpg 300w, https:\/\/www.spadreams.pl\/blog\/wp-content\/uploads\/sites\/4\/2021\/08\/Blog2_Photo6-768x512.jpg 768w, https:\/\/www.spadreams.pl\/blog\/wp-content\/uploads\/sites\/4\/2021\/08\/Blog2_Photo6-1536x1024.jpg 1536w, https:\/\/www.spadreams.pl\/blog\/wp-content\/uploads\/sites\/4\/2021\/08\/Blog2_Photo6-1920x1280.jpg 1920w, https:\/\/www.spadreams.pl\/blog\/wp-content\/uploads\/sites\/4\/2021\/08\/Blog2_Photo6-600x400.jpg 600w, https:\/\/www.spadreams.pl\/blog\/wp-content\/uploads\/sites\/4\/2021\/08\/Blog2_Photo6-800x533.jpg 800w, https:\/\/www.spadreams.pl\/blog\/wp-content\/uploads\/sites\/4\/2021\/08\/Blog2_Photo6-227x152.jpg 227w, https:\/\/www.spadreams.pl\/blog\/wp-content\/uploads\/sites\/4\/2021\/08\/Blog2_Photo6-143x96.jpg 143w, https:\/\/www.spadreams.pl\/blog\/wp-content\/uploads\/sites\/4\/2021\/08\/Blog2_Photo6-585x390.jpg 585w, https:\/\/www.spadreams.pl\/blog\/wp-content\/uploads\/sites\/4\/2021\/08\/Blog2_Photo6-385x257.jpg 385w, https:\/\/www.spadreams.pl\/blog\/wp-content\/uploads\/sites\/4\/2021\/08\/Blog2_Photo6.jpg 2000w\" sizes=\"(max-width: 1024px) 100vw, 1024px\" \/><\/figure>\n\n\n\n<h2 class=\"wp-block-heading\">Post dla pocz\u0105tkuj\u0105cych: Wkr\u00f3tce zacznie si\u0119 tradycyjny okres postu i by\u0107 mo\u017ce jeden lub dw\u00f3ch pocz\u0105tkuj\u0105cych poszcz\u0105cych chcia\u0142oby spr\u00f3bowa\u0107 odtruwania organizmu poprzez powstrzymanie si\u0119 od jedzenia w domu. Co powinni wiedzie\u0107 pocz\u0105tkuj\u0105cy poszcz\u0105cy, zanim zaczn\u0105 oczyszcza\u0107 swoje cia\u0142o od wewn\u0105trz?<\/h2>\n\n\n\n<p>Cz\u0119sto zalecamy pacjentom zmian\u0119 dni, tzn. przed rozpocz\u0119ciem postu przez 2 &#8211; 3 dni je\u015b\u0107 tylko ziemniaki i warzywa lub ry\u017c i warzywa, ewentualnie z wysokiej jako\u015bci olejem ro\u015blinnym, ale bez bia\u0142ka zwierz\u0119cego i z pewno\u015bci\u0105 bez gotowych da\u0144. To ju\u017c prowadzi do do\u015b\u0107 dobrej podstawy, kt\u00f3ra umo\u017cliwia \u0142atwiejsze przej\u015bcie na post sokowy.<\/p>\n\n\n\n<figure class=\"wp-block-image size-large\"><img decoding=\"async\" loading=\"lazy\" width=\"1024\" height=\"684\" src=\"https:\/\/www.spadreams.pl\/blog\/wp-content\/uploads\/sites\/4\/2021\/08\/Blog2_Photo7-1024x684.jpg\" alt=\"\" class=\"wp-image-1438\" srcset=\"https:\/\/www.spadreams.pl\/blog\/wp-content\/uploads\/sites\/4\/2021\/08\/Blog2_Photo7-1024x684.jpg 1024w, https:\/\/www.spadreams.pl\/blog\/wp-content\/uploads\/sites\/4\/2021\/08\/Blog2_Photo7-300x200.jpg 300w, https:\/\/www.spadreams.pl\/blog\/wp-content\/uploads\/sites\/4\/2021\/08\/Blog2_Photo7-768x513.jpg 768w, https:\/\/www.spadreams.pl\/blog\/wp-content\/uploads\/sites\/4\/2021\/08\/Blog2_Photo7-1536x1025.jpg 1536w, https:\/\/www.spadreams.pl\/blog\/wp-content\/uploads\/sites\/4\/2021\/08\/Blog2_Photo7-1920x1282.jpg 1920w, https:\/\/www.spadreams.pl\/blog\/wp-content\/uploads\/sites\/4\/2021\/08\/Blog2_Photo7-600x401.jpg 600w, https:\/\/www.spadreams.pl\/blog\/wp-content\/uploads\/sites\/4\/2021\/08\/Blog2_Photo7-800x534.jpg 800w, https:\/\/www.spadreams.pl\/blog\/wp-content\/uploads\/sites\/4\/2021\/08\/Blog2_Photo7-227x152.jpg 227w, https:\/\/www.spadreams.pl\/blog\/wp-content\/uploads\/sites\/4\/2021\/08\/Blog2_Photo7-143x96.jpg 143w, https:\/\/www.spadreams.pl\/blog\/wp-content\/uploads\/sites\/4\/2021\/08\/Blog2_Photo7-585x390.jpg 585w, https:\/\/www.spadreams.pl\/blog\/wp-content\/uploads\/sites\/4\/2021\/08\/Blog2_Photo7-385x257.jpg 385w, https:\/\/www.spadreams.pl\/blog\/wp-content\/uploads\/sites\/4\/2021\/08\/Blog2_Photo7.jpg 2000w\" sizes=\"(max-width: 1024px) 100vw, 1024px\" \/><\/figure>\n\n\n\n<p>Je\u015bli jednak nigdy wcze\u015bniej nie po\u015bci\u0142e\u015b, nie powiniene\u015b robi\u0107 tego zupe\u0142nie sam. Polecam przy\u0142\u0105czenie si\u0119 do grupy poszcz\u0105cej. Istnieje wiele ofert, np. w centrach kszta\u0142cenia doros\u0142ych, ale tak\u017ce w organizacjach takich jak Niemiecka Akademia Postu (dfa) lub Niezale\u017cni Doradcy Zdrowia (UGB). W przeciwnym razie, obowi\u0105zuje stwierdzenie znanego lekarza poszcz\u0105cego Hellmuta L\u00fctznera: rozr\u00f3\u017cniamy post profilaktyczny dla zdrowych i post leczniczy w prawdziwym znaczeniu dla chorych. Pierwszy z nich jest zwykle wykonywany w warunkach ambulatoryjnych, drugi powinien by\u0107 raczej wykonywany w warunkach stacjonarnych w klinice.<\/p>\n\n\n\n<p>Nowicjusze powinni by\u0107 r\u00f3wnie\u017c poinformowani o przeciwwskazaniach do postu i mie\u0107 ich \u015bwiadomo\u015b\u0107: Post nie jest czym\u015b, co si\u0119 po prostu robi z chwili na chwil\u0119, ale, szczeg\u00f3lnie w przypadku postu leczniczego, powiniene\u015b si\u0119 wcze\u015bniej wewn\u0119trznie przygotowa\u0107.<\/p>\n\n\n\n<p><\/p>\n","protected":false},"excerpt":{"rendered":"<p>Dr Matejka jest g\u0142\u00f3wnym lekarzem Malteser Klinik von Weckbecker w Bad Br\u00fcckenau i sam regularnie po\u015bci. W\u0142a\u015bnie ukaza\u0142a si\u0119 jego nowa ksi\u0105\u017cka &#8220;Post leczy&#8221;. W tym wywiadzie mo\u017cecie pozna\u0107 jego opinie! Drogi doktorze Matejka, bardzo dzi\u0119kuj\u0119 za po\u015bwi\u0119cenie czasu na udzielenie odpowiedzi na nasze dzisiejsze pytania! Jest Pan lekarzem prowadz\u0105cym w Malteser Klinik von Weckbecker, [&hellip;]<\/p>\n","protected":false},"author":14,"featured_media":1429,"comment_status":"closed","ping_status":"closed","sticky":false,"template":"","format":"standard","meta":{"wprm-recipe-roundup-name":"","wprm-recipe-roundup-description":"","footnotes":""},"categories":[181],"tags":[42,43,53,78,97,112,173],"yoast_head":"<!-- This site is optimized with the Yoast SEO plugin v22.6 - https:\/\/yoast.com\/wordpress\/plugins\/seo\/ -->\n<title>Klinika Malteser Weckbecker - Wywiad z dr. Matejk\u0105<\/title>\n<meta name=\"description\" content=\"Dr. Matejka jest g\u0142\u00f3wnym lekarzem Malteser Klinik von Weckbecker i sam regularnie po\u015bci. W tym wywiadzie mo\u017cecie pozna\u0107 jego opinie!\" \/>\n<meta name=\"robots\" content=\"index, follow, max-snippet:-1, max-image-preview:large, max-video-preview:-1\" \/>\n<meta property=\"og:locale\" content=\"pl_PL\" \/>\n<meta property=\"og:type\" content=\"article\" \/>\n<meta property=\"og:title\" content=\"Klinika Malteser Weckbecker - Wywiad z dr. Matejk\u0105\" \/>\n<meta property=\"og:description\" content=\"Dr. Matejka jest g\u0142\u00f3wnym lekarzem Malteser Klinik von Weckbecker i sam regularnie po\u015bci. W tym wywiadzie mo\u017cecie pozna\u0107 jego opinie!\" \/>\n<meta property=\"og:url\" content=\"https:\/\/www.spadreams.pl\/blog\/klinika-malteser-weckbecker-wywiad-z-dr-matejka\/\" \/>\n<meta property=\"og:site_name\" content=\"Blog SpaDreams\" \/>\n<meta property=\"article:published_time\" content=\"2021-08-03T14:40:56+00:00\" \/>\n<meta property=\"article:modified_time\" content=\"2021-08-31T08:19:49+00:00\" \/>\n<meta property=\"og:image\" content=\"https:\/\/www.spadreams.pl\/blog\/wp-content\/uploads\/sites\/4\/2021\/08\/Blog2_Photo2_Copyright.jpg\" \/>\n\t<meta property=\"og:image:width\" content=\"942\" \/>\n\t<meta property=\"og:image:height\" content=\"628\" \/>\n\t<meta property=\"og:image:type\" content=\"image\/jpeg\" \/>\n<meta name=\"author\" content=\"Redakcja SpaDreams\" \/>\n<meta name=\"twitter:card\" content=\"summary_large_image\" \/>\n<meta name=\"twitter:label1\" content=\"Napisane przez\" \/>\n\t<meta name=\"twitter:data1\" content=\"Redakcja SpaDreams\" \/>\n\t<meta name=\"twitter:label2\" content=\"Szacowany czas czytania\" \/>\n\t<meta name=\"twitter:data2\" content=\"8 minut\" \/>\n<script type=\"application\/ld+json\" class=\"yoast-schema-graph\">{\"@context\":\"https:\/\/schema.org\",\"@graph\":[{\"@type\":\"WebPage\",\"@id\":\"https:\/\/www.spadreams.pl\/blog\/klinika-malteser-weckbecker-wywiad-z-dr-matejka\/\",\"url\":\"https:\/\/www.spadreams.pl\/blog\/klinika-malteser-weckbecker-wywiad-z-dr-matejka\/\",\"name\":\"Klinika Malteser Weckbecker - Wywiad z dr. Matejk\u0105\",\"isPartOf\":{\"@id\":\"https:\/\/www.spadreams.pl\/blog\/#website\"},\"primaryImageOfPage\":{\"@id\":\"https:\/\/www.spadreams.pl\/blog\/klinika-malteser-weckbecker-wywiad-z-dr-matejka\/#primaryimage\"},\"image\":{\"@id\":\"https:\/\/www.spadreams.pl\/blog\/klinika-malteser-weckbecker-wywiad-z-dr-matejka\/#primaryimage\"},\"thumbnailUrl\":\"https:\/\/www.spadreams.pl\/blog\/wp-content\/uploads\/sites\/4\/2021\/08\/Blog2_Photo2_Copyright.jpg\",\"datePublished\":\"2021-08-03T14:40:56+00:00\",\"dateModified\":\"2021-08-31T08:19:49+00:00\",\"author\":{\"@id\":\"https:\/\/www.spadreams.pl\/blog\/#\/schema\/person\/b41a0da452d7e599f355757ba625ff7c\"},\"description\":\"Dr. Matejka jest g\u0142\u00f3wnym lekarzem Malteser Klinik von Weckbecker i sam regularnie po\u015bci. W tym wywiadzie mo\u017cecie pozna\u0107 jego opinie!\",\"breadcrumb\":{\"@id\":\"https:\/\/www.spadreams.pl\/blog\/klinika-malteser-weckbecker-wywiad-z-dr-matejka\/#breadcrumb\"},\"inLanguage\":\"pl-PL\",\"potentialAction\":[{\"@type\":\"ReadAction\",\"target\":[\"https:\/\/www.spadreams.pl\/blog\/klinika-malteser-weckbecker-wywiad-z-dr-matejka\/\"]}]},{\"@type\":\"ImageObject\",\"inLanguage\":\"pl-PL\",\"@id\":\"https:\/\/www.spadreams.pl\/blog\/klinika-malteser-weckbecker-wywiad-z-dr-matejka\/#primaryimage\",\"url\":\"https:\/\/www.spadreams.pl\/blog\/wp-content\/uploads\/sites\/4\/2021\/08\/Blog2_Photo2_Copyright.jpg\",\"contentUrl\":\"https:\/\/www.spadreams.pl\/blog\/wp-content\/uploads\/sites\/4\/2021\/08\/Blog2_Photo2_Copyright.jpg\",\"width\":942,\"height\":628},{\"@type\":\"BreadcrumbList\",\"@id\":\"https:\/\/www.spadreams.pl\/blog\/klinika-malteser-weckbecker-wywiad-z-dr-matejka\/#breadcrumb\",\"itemListElement\":[{\"@type\":\"ListItem\",\"position\":1,\"name\":\"Home\",\"item\":\"https:\/\/www.spadreams.pl\/blog\/\"},{\"@type\":\"ListItem\",\"position\":2,\"name\":\"Od\u017cywianie\",\"item\":\"https:\/\/www.spadreams.pl\/blog\/odzywianie\/\"},{\"@type\":\"ListItem\",\"position\":3,\"name\":\"Klinika Malteser Weckbecker &#8211; Wywiad z dr. Matejk\u0105\"}]},{\"@type\":\"WebSite\",\"@id\":\"https:\/\/www.spadreams.pl\/blog\/#website\",\"url\":\"https:\/\/www.spadreams.pl\/blog\/\",\"name\":\"Blog SpaDreams\",\"description\":\"blog o SPA, wellness i zdrowiu\",\"potentialAction\":[{\"@type\":\"SearchAction\",\"target\":{\"@type\":\"EntryPoint\",\"urlTemplate\":\"https:\/\/www.spadreams.pl\/blog\/?s={search_term_string}\"},\"query-input\":\"required name=search_term_string\"}],\"inLanguage\":\"pl-PL\"},{\"@type\":\"Person\",\"@id\":\"https:\/\/www.spadreams.pl\/blog\/#\/schema\/person\/b41a0da452d7e599f355757ba625ff7c\",\"name\":\"Redakcja SpaDreams\",\"image\":{\"@type\":\"ImageObject\",\"inLanguage\":\"pl-PL\",\"@id\":\"https:\/\/www.spadreams.pl\/blog\/#\/schema\/person\/image\/\",\"url\":\"https:\/\/secure.gravatar.com\/avatar\/7ee70881647eeb62c1812a0cc026e339?s=96&d=mm&r=g\",\"contentUrl\":\"https:\/\/secure.gravatar.com\/avatar\/7ee70881647eeb62c1812a0cc026e339?s=96&d=mm&r=g\",\"caption\":\"Redakcja SpaDreams\"},\"url\":\"https:\/\/www.spadreams.pl\/blog\/author\/redakcja-spadreams\/\"}]}<\/script>\n<!-- \/ Yoast SEO plugin. -->","yoast_head_json":{"title":"Klinika Malteser Weckbecker - Wywiad z dr. Matejk\u0105","description":"Dr. Matejka jest g\u0142\u00f3wnym lekarzem Malteser Klinik von Weckbecker i sam regularnie po\u015bci. W tym wywiadzie mo\u017cecie pozna\u0107 jego opinie!","robots":{"index":"index","follow":"follow","max-snippet":"max-snippet:-1","max-image-preview":"max-image-preview:large","max-video-preview":"max-video-preview:-1"},"og_locale":"pl_PL","og_type":"article","og_title":"Klinika Malteser Weckbecker - Wywiad z dr. Matejk\u0105","og_description":"Dr. Matejka jest g\u0142\u00f3wnym lekarzem Malteser Klinik von Weckbecker i sam regularnie po\u015bci. W tym wywiadzie mo\u017cecie pozna\u0107 jego opinie!","og_url":"https:\/\/www.spadreams.pl\/blog\/klinika-malteser-weckbecker-wywiad-z-dr-matejka\/","og_site_name":"Blog SpaDreams","article_published_time":"2021-08-03T14:40:56+00:00","article_modified_time":"2021-08-31T08:19:49+00:00","og_image":[{"width":942,"height":628,"url":"https:\/\/www.spadreams.pl\/blog\/wp-content\/uploads\/sites\/4\/2021\/08\/Blog2_Photo2_Copyright.jpg","type":"image\/jpeg"}],"author":"Redakcja SpaDreams","twitter_card":"summary_large_image","twitter_misc":{"Napisane przez":"Redakcja SpaDreams","Szacowany czas czytania":"8 minut"},"schema":{"@context":"https:\/\/schema.org","@graph":[{"@type":"WebPage","@id":"https:\/\/www.spadreams.pl\/blog\/klinika-malteser-weckbecker-wywiad-z-dr-matejka\/","url":"https:\/\/www.spadreams.pl\/blog\/klinika-malteser-weckbecker-wywiad-z-dr-matejka\/","name":"Klinika Malteser Weckbecker - Wywiad z dr. Matejk\u0105","isPartOf":{"@id":"https:\/\/www.spadreams.pl\/blog\/#website"},"primaryImageOfPage":{"@id":"https:\/\/www.spadreams.pl\/blog\/klinika-malteser-weckbecker-wywiad-z-dr-matejka\/#primaryimage"},"image":{"@id":"https:\/\/www.spadreams.pl\/blog\/klinika-malteser-weckbecker-wywiad-z-dr-matejka\/#primaryimage"},"thumbnailUrl":"https:\/\/www.spadreams.pl\/blog\/wp-content\/uploads\/sites\/4\/2021\/08\/Blog2_Photo2_Copyright.jpg","datePublished":"2021-08-03T14:40:56+00:00","dateModified":"2021-08-31T08:19:49+00:00","author":{"@id":"https:\/\/www.spadreams.pl\/blog\/#\/schema\/person\/b41a0da452d7e599f355757ba625ff7c"},"description":"Dr. Matejka jest g\u0142\u00f3wnym lekarzem Malteser Klinik von Weckbecker i sam regularnie po\u015bci. W tym wywiadzie mo\u017cecie pozna\u0107 jego opinie!","breadcrumb":{"@id":"https:\/\/www.spadreams.pl\/blog\/klinika-malteser-weckbecker-wywiad-z-dr-matejka\/#breadcrumb"},"inLanguage":"pl-PL","potentialAction":[{"@type":"ReadAction","target":["https:\/\/www.spadreams.pl\/blog\/klinika-malteser-weckbecker-wywiad-z-dr-matejka\/"]}]},{"@type":"ImageObject","inLanguage":"pl-PL","@id":"https:\/\/www.spadreams.pl\/blog\/klinika-malteser-weckbecker-wywiad-z-dr-matejka\/#primaryimage","url":"https:\/\/www.spadreams.pl\/blog\/wp-content\/uploads\/sites\/4\/2021\/08\/Blog2_Photo2_Copyright.jpg","contentUrl":"https:\/\/www.spadreams.pl\/blog\/wp-content\/uploads\/sites\/4\/2021\/08\/Blog2_Photo2_Copyright.jpg","width":942,"height":628},{"@type":"BreadcrumbList","@id":"https:\/\/www.spadreams.pl\/blog\/klinika-malteser-weckbecker-wywiad-z-dr-matejka\/#breadcrumb","itemListElement":[{"@type":"ListItem","position":1,"name":"Home","item":"https:\/\/www.spadreams.pl\/blog\/"},{"@type":"ListItem","position":2,"name":"Od\u017cywianie","item":"https:\/\/www.spadreams.pl\/blog\/odzywianie\/"},{"@type":"ListItem","position":3,"name":"Klinika Malteser Weckbecker &#8211; Wywiad z dr. Matejk\u0105"}]},{"@type":"WebSite","@id":"https:\/\/www.spadreams.pl\/blog\/#website","url":"https:\/\/www.spadreams.pl\/blog\/","name":"Blog SpaDreams","description":"blog o SPA, wellness i zdrowiu","potentialAction":[{"@type":"SearchAction","target":{"@type":"EntryPoint","urlTemplate":"https:\/\/www.spadreams.pl\/blog\/?s={search_term_string}"},"query-input":"required name=search_term_string"}],"inLanguage":"pl-PL"},{"@type":"Person","@id":"https:\/\/www.spadreams.pl\/blog\/#\/schema\/person\/b41a0da452d7e599f355757ba625ff7c","name":"Redakcja SpaDreams","image":{"@type":"ImageObject","inLanguage":"pl-PL","@id":"https:\/\/www.spadreams.pl\/blog\/#\/schema\/person\/image\/","url":"https:\/\/secure.gravatar.com\/avatar\/7ee70881647eeb62c1812a0cc026e339?s=96&d=mm&r=g","contentUrl":"https:\/\/secure.gravatar.com\/avatar\/7ee70881647eeb62c1812a0cc026e339?s=96&d=mm&r=g","caption":"Redakcja SpaDreams"},"url":"https:\/\/www.spadreams.pl\/blog\/author\/redakcja-spadreams\/"}]}},"_links":{"self":[{"href":"https:\/\/www.spadreams.pl\/blog\/wp-json\/wp\/v2\/posts\/1420"}],"collection":[{"href":"https:\/\/www.spadreams.pl\/blog\/wp-json\/wp\/v2\/posts"}],"about":[{"href":"https:\/\/www.spadreams.pl\/blog\/wp-json\/wp\/v2\/types\/post"}],"author":[{"embeddable":true,"href":"https:\/\/www.spadreams.pl\/blog\/wp-json\/wp\/v2\/users\/14"}],"replies":[{"embeddable":true,"href":"https:\/\/www.spadreams.pl\/blog\/wp-json\/wp\/v2\/comments?post=1420"}],"version-history":[{"count":13,"href":"https:\/\/www.spadreams.pl\/blog\/wp-json\/wp\/v2\/posts\/1420\/revisions"}],"predecessor-version":[{"id":1440,"href":"https:\/\/www.spadreams.pl\/blog\/wp-json\/wp\/v2\/posts\/1420\/revisions\/1440"}],"wp:featuredmedia":[{"embeddable":true,"href":"https:\/\/www.spadreams.pl\/blog\/wp-json\/wp\/v2\/media\/1429"}],"wp:attachment":[{"href":"https:\/\/www.spadreams.pl\/blog\/wp-json\/wp\/v2\/media?parent=1420"}],"wp:term":[{"taxonomy":"category","embeddable":true,"href":"https:\/\/www.spadreams.pl\/blog\/wp-json\/wp\/v2\/categories?post=1420"},{"taxonomy":"post_tag","embeddable":true,"href":"https:\/\/www.spadreams.pl\/blog\/wp-json\/wp\/v2\/tags?post=1420"}],"curies":[{"name":"wp","href":"https:\/\/api.w.org\/{rel}","templated":true}]}}